{"id":850,"date":"2012-07-19T10:14:37","date_gmt":"2012-07-19T08:14:37","guid":{"rendered":"http:\/\/feuerwehr-lech.at\/wp\/?p=850"},"modified":"2013-10-16T13:32:10","modified_gmt":"2013-10-16T11:32:10","slug":"19-07-2012-baukran-umgestuerzt-baustelle-lech-lodge","status":"publish","type":"post","link":"https:\/\/feuerwehr-lech.at\/wp\/19-07-2012-baukran-umgestuerzt-baustelle-lech-lodge\/","title":{"rendered":"19.07.2012 Baukran umgest\u00fcrzt Baustelle Lech Lodge"},"content":{"rendered":"<p>Die Alarmierung erfolgte um 10.51 Uhr per RFL F2.<\/p>\n<p>Bei der Baustelle in der Parzelle Omesberg ist ein Baukran umgest\u00fcrzt und es l\u00e4uft Hydraulik\u00f6l aus. Vor Ort zeigte sich, dass ein Baukran umgest\u00fcrzt ist und dessen Ausleger den Mobilkran besch\u00e4digt hat und dort Hydraulik\u00f6l austrat. Die OF Lech versuchte das austretende \u00d6l binden.<\/p>\n<p>14\u00a0Mann der OF Lech waren ca. 51h im Einsatz.<\/p>\n<p><a title=\"Zur \u00dcbersicht.\" href=\"https:\/\/feuerwehr-lech.at\/wp\/in-aktion-2\/einsatz-seite-neu\/\">Zur \u00dcbersicht.<\/a><\/p>\n<p>[gallery_bank album_id=34]<\/p>\n","protected":false},"excerpt":{"rendered":"<p>Die Alarmierung erfolgte um 10.51 Uhr per RFL F2. Bei der Baustelle in der Parzelle Omesberg ist ein Baukran umgest\u00fcrzt und es l\u00e4uft Hydraulik\u00f6l aus. Vor Ort zeigte sich, dass ein Baukran umgest\u00fcrzt ist und dessen Ausleger den Mobilkran besch\u00e4digt hat und dort Hydraulik\u00f6l austrat. Die OF Lech versuchte das austretende \u00d6l binden. 14\u00a0Mann der &hellip; <a href=\"https:\/\/feuerwehr-lech.at\/wp\/19-07-2012-baukran-umgestuerzt-baustelle-lech-lodge\/\" class=\"more-link\"><span class=\"screen-reader-text\">19.07.2012 Baukran umgest\u00fcrzt Baustelle Lech Lodge<\/span> weiterlesen <span class=\"meta-nav\">&rarr;<\/span><\/a><\/p>\n","protected":false},"author":3,"featured_media":0,"comment_status":"open","ping_status":"closed","sticky":false,"template":"","format":"standard","meta":{"footnotes":""},"categories":[25],"tags":[],"class_list":["post-850","post","type-post","status-publish","format-standard","hentry","category-25"],"yoast_head":"<!-- This site is optimized with the Yoast SEO plugin v27.5 - https:\/\/yoast.com\/product\/yoast-seo-wordpress\/ -->\n<title>19.07.2012 Baukran umgest\u00fcrzt Baustelle Lech Lodge - Ortsfeuerwehr Lech<\/title>\n<meta name=\"robots\" content=\"index, follow, max-snippet:-1, max-image-preview:large, max-video-preview:-1\" \/>\n<link rel=\"canonical\" href=\"https:\/\/feuerwehr-lech.at\/wp\/19-07-2012-baukran-umgestuerzt-baustelle-lech-lodge\/\" \/>\n<meta property=\"og:locale\" content=\"de_DE\" \/>\n<meta property=\"og:type\" content=\"article\" \/>\n<meta property=\"og:title\" content=\"19.07.2012 Baukran umgest\u00fcrzt Baustelle Lech Lodge - Ortsfeuerwehr Lech\" \/>\n<meta property=\"og:description\" content=\"Die Alarmierung erfolgte um 10.51 Uhr per RFL F2. Bei der Baustelle in der Parzelle Omesberg ist ein Baukran umgest\u00fcrzt und es l\u00e4uft Hydraulik\u00f6l aus. Vor Ort zeigte sich, dass ein Baukran umgest\u00fcrzt ist und dessen Ausleger den Mobilkran besch\u00e4digt hat und dort Hydraulik\u00f6l austrat. Die OF Lech versuchte das austretende \u00d6l binden. 14\u00a0Mann der &hellip; 19.07.2012 Baukran umgest\u00fcrzt Baustelle Lech Lodge weiterlesen &rarr;\" \/>\n<meta property=\"og:url\" content=\"https:\/\/feuerwehr-lech.at\/wp\/19-07-2012-baukran-umgestuerzt-baustelle-lech-lodge\/\" \/>\n<meta property=\"og:site_name\" content=\"Ortsfeuerwehr Lech\" \/>\n<meta property=\"article:publisher\" content=\"https:\/\/www.facebook.com\/feuerwehrlech\" \/>\n<meta property=\"article:published_time\" content=\"2012-07-19T08:14:37+00:00\" \/>\n<meta property=\"article:modified_time\" content=\"2013-10-16T11:32:10+00:00\" \/>\n<meta property=\"og:image\" content=\"https:\/\/feuerwehr-lech.at\/wp\/wp-content\/uploads\/2015\/01\/cropped-header-1.jpg\" \/>\n\t<meta property=\"og:image:width\" content=\"1260\" \/>\n\t<meta property=\"og:image:height\" content=\"239\" \/>\n\t<meta property=\"og:image:type\" content=\"image\/jpeg\" \/>\n<meta name=\"author\" content=\"martin.jochum\" \/>\n<meta name=\"twitter:card\" content=\"summary_large_image\" \/>\n<meta name=\"twitter:label1\" content=\"Verfasst von\" \/>\n\t<meta name=\"twitter:data1\" content=\"martin.jochum\" \/>\n<script type=\"application\/ld+json\" class=\"yoast-schema-graph\">{\"@context\":\"https:\\\/\\\/schema.org\",\"@graph\":[{\"@type\":\"Article\",\"@id\":\"https:\\\/\\\/feuerwehr-lech.at\\\/wp\\\/19-07-2012-baukran-umgestuerzt-baustelle-lech-lodge\\\/#article\",\"isPartOf\":{\"@id\":\"https:\\\/\\\/feuerwehr-lech.at\\\/wp\\\/19-07-2012-baukran-umgestuerzt-baustelle-lech-lodge\\\/\"},\"author\":{\"name\":\"martin.jochum\",\"@id\":\"https:\\\/\\\/feuerwehr-lech.at\\\/wp\\\/#\\\/schema\\\/person\\\/36f2f0ecd20ba97e6bf1be41fcaa9419\"},\"headline\":\"19.07.2012 Baukran umgest\u00fcrzt Baustelle Lech Lodge\",\"datePublished\":\"2012-07-19T08:14:37+00:00\",\"dateModified\":\"2013-10-16T11:32:10+00:00\",\"mainEntityOfPage\":{\"@id\":\"https:\\\/\\\/feuerwehr-lech.at\\\/wp\\\/19-07-2012-baukran-umgestuerzt-baustelle-lech-lodge\\\/\"},\"wordCount\":79,\"commentCount\":0,\"publisher\":{\"@id\":\"https:\\\/\\\/feuerwehr-lech.at\\\/wp\\\/#organization\"},\"articleSection\":[\"2012\"],\"inLanguage\":\"de\",\"potentialAction\":[{\"@type\":\"CommentAction\",\"name\":\"Comment\",\"target\":[\"https:\\\/\\\/feuerwehr-lech.at\\\/wp\\\/19-07-2012-baukran-umgestuerzt-baustelle-lech-lodge\\\/#respond\"]}]},{\"@type\":\"WebPage\",\"@id\":\"https:\\\/\\\/feuerwehr-lech.at\\\/wp\\\/19-07-2012-baukran-umgestuerzt-baustelle-lech-lodge\\\/\",\"url\":\"https:\\\/\\\/feuerwehr-lech.at\\\/wp\\\/19-07-2012-baukran-umgestuerzt-baustelle-lech-lodge\\\/\",\"name\":\"19.07.2012 Baukran umgest\u00fcrzt Baustelle Lech Lodge - Ortsfeuerwehr Lech\",\"isPartOf\":{\"@id\":\"https:\\\/\\\/feuerwehr-lech.at\\\/wp\\\/#website\"},\"datePublished\":\"2012-07-19T08:14:37+00:00\",\"dateModified\":\"2013-10-16T11:32:10+00:00\",\"breadcrumb\":{\"@id\":\"https:\\\/\\\/feuerwehr-lech.at\\\/wp\\\/19-07-2012-baukran-umgestuerzt-baustelle-lech-lodge\\\/#breadcrumb\"},\"inLanguage\":\"de\",\"potentialAction\":[{\"@type\":\"ReadAction\",\"target\":[\"https:\\\/\\\/feuerwehr-lech.at\\\/wp\\\/19-07-2012-baukran-umgestuerzt-baustelle-lech-lodge\\\/\"]}]},{\"@type\":\"BreadcrumbList\",\"@id\":\"https:\\\/\\\/feuerwehr-lech.at\\\/wp\\\/19-07-2012-baukran-umgestuerzt-baustelle-lech-lodge\\\/#breadcrumb\",\"itemListElement\":[{\"@type\":\"ListItem\",\"position\":1,\"name\":\"Startseite\",\"item\":\"https:\\\/\\\/feuerwehr-lech.at\\\/wp\\\/\"},{\"@type\":\"ListItem\",\"position\":2,\"name\":\"19.07.2012 Baukran umgest\u00fcrzt Baustelle Lech Lodge\"}]},{\"@type\":\"WebSite\",\"@id\":\"https:\\\/\\\/feuerwehr-lech.at\\\/wp\\\/#website\",\"url\":\"https:\\\/\\\/feuerwehr-lech.at\\\/wp\\\/\",\"name\":\"Ortsfeuerwehr Lech\",\"description\":\"\",\"publisher\":{\"@id\":\"https:\\\/\\\/feuerwehr-lech.at\\\/wp\\\/#organization\"},\"potentialAction\":[{\"@type\":\"SearchAction\",\"target\":{\"@type\":\"EntryPoint\",\"urlTemplate\":\"https:\\\/\\\/feuerwehr-lech.at\\\/wp\\\/?s={search_term_string}\"},\"query-input\":{\"@type\":\"PropertyValueSpecification\",\"valueRequired\":true,\"valueName\":\"search_term_string\"}}],\"inLanguage\":\"de\"},{\"@type\":\"Organization\",\"@id\":\"https:\\\/\\\/feuerwehr-lech.at\\\/wp\\\/#organization\",\"name\":\"Ortsfeuerwehr Lech\",\"url\":\"https:\\\/\\\/feuerwehr-lech.at\\\/wp\\\/\",\"logo\":{\"@type\":\"ImageObject\",\"inLanguage\":\"de\",\"@id\":\"https:\\\/\\\/feuerwehr-lech.at\\\/wp\\\/#\\\/schema\\\/logo\\\/image\\\/\",\"url\":\"https:\\\/\\\/feuerwehr-lech.at\\\/wp\\\/wp-content\\\/uploads\\\/2024\\\/05\\\/lech-favicon-1.png\",\"contentUrl\":\"https:\\\/\\\/feuerwehr-lech.at\\\/wp\\\/wp-content\\\/uploads\\\/2024\\\/05\\\/lech-favicon-1.png\",\"width\":192,\"height\":192,\"caption\":\"Ortsfeuerwehr Lech\"},\"image\":{\"@id\":\"https:\\\/\\\/feuerwehr-lech.at\\\/wp\\\/#\\\/schema\\\/logo\\\/image\\\/\"},\"sameAs\":[\"https:\\\/\\\/www.facebook.com\\\/feuerwehrlech\"]},{\"@type\":\"Person\",\"@id\":\"https:\\\/\\\/feuerwehr-lech.at\\\/wp\\\/#\\\/schema\\\/person\\\/36f2f0ecd20ba97e6bf1be41fcaa9419\",\"name\":\"martin.jochum\"}]}<\/script>\n<!-- \/ Yoast SEO plugin. -->","yoast_head_json":{"title":"19.07.2012 Baukran umgest\u00fcrzt Baustelle Lech Lodge - Ortsfeuerwehr Lech","robots":{"index":"index","follow":"follow","max-snippet":"max-snippet:-1","max-image-preview":"max-image-preview:large","max-video-preview":"max-video-preview:-1"},"canonical":"https:\/\/feuerwehr-lech.at\/wp\/19-07-2012-baukran-umgestuerzt-baustelle-lech-lodge\/","og_locale":"de_DE","og_type":"article","og_title":"19.07.2012 Baukran umgest\u00fcrzt Baustelle Lech Lodge - Ortsfeuerwehr Lech","og_description":"Die Alarmierung erfolgte um 10.51 Uhr per RFL F2. Bei der Baustelle in der Parzelle Omesberg ist ein Baukran umgest\u00fcrzt und es l\u00e4uft Hydraulik\u00f6l aus. Vor Ort zeigte sich, dass ein Baukran umgest\u00fcrzt ist und dessen Ausleger den Mobilkran besch\u00e4digt hat und dort Hydraulik\u00f6l austrat. Die OF Lech versuchte das austretende \u00d6l binden. 14\u00a0Mann der &hellip; 19.07.2012 Baukran umgest\u00fcrzt Baustelle Lech Lodge weiterlesen &rarr;","og_url":"https:\/\/feuerwehr-lech.at\/wp\/19-07-2012-baukran-umgestuerzt-baustelle-lech-lodge\/","og_site_name":"Ortsfeuerwehr Lech","article_publisher":"https:\/\/www.facebook.com\/feuerwehrlech","article_published_time":"2012-07-19T08:14:37+00:00","article_modified_time":"2013-10-16T11:32:10+00:00","og_image":[{"width":1260,"height":239,"url":"https:\/\/feuerwehr-lech.at\/wp\/wp-content\/uploads\/2015\/01\/cropped-header-1.jpg","type":"image\/jpeg"}],"author":"martin.jochum","twitter_card":"summary_large_image","twitter_misc":{"Verfasst von":"martin.jochum"},"schema":{"@context":"https:\/\/schema.org","@graph":[{"@type":"Article","@id":"https:\/\/feuerwehr-lech.at\/wp\/19-07-2012-baukran-umgestuerzt-baustelle-lech-lodge\/#article","isPartOf":{"@id":"https:\/\/feuerwehr-lech.at\/wp\/19-07-2012-baukran-umgestuerzt-baustelle-lech-lodge\/"},"author":{"name":"martin.jochum","@id":"https:\/\/feuerwehr-lech.at\/wp\/#\/schema\/person\/36f2f0ecd20ba97e6bf1be41fcaa9419"},"headline":"19.07.2012 Baukran umgest\u00fcrzt Baustelle Lech Lodge","datePublished":"2012-07-19T08:14:37+00:00","dateModified":"2013-10-16T11:32:10+00:00","mainEntityOfPage":{"@id":"https:\/\/feuerwehr-lech.at\/wp\/19-07-2012-baukran-umgestuerzt-baustelle-lech-lodge\/"},"wordCount":79,"commentCount":0,"publisher":{"@id":"https:\/\/feuerwehr-lech.at\/wp\/#organization"},"articleSection":["2012"],"inLanguage":"de","potentialAction":[{"@type":"CommentAction","name":"Comment","target":["https:\/\/feuerwehr-lech.at\/wp\/19-07-2012-baukran-umgestuerzt-baustelle-lech-lodge\/#respond"]}]},{"@type":"WebPage","@id":"https:\/\/feuerwehr-lech.at\/wp\/19-07-2012-baukran-umgestuerzt-baustelle-lech-lodge\/","url":"https:\/\/feuerwehr-lech.at\/wp\/19-07-2012-baukran-umgestuerzt-baustelle-lech-lodge\/","name":"19.07.2012 Baukran umgest\u00fcrzt Baustelle Lech Lodge - Ortsfeuerwehr Lech","isPartOf":{"@id":"https:\/\/feuerwehr-lech.at\/wp\/#website"},"datePublished":"2012-07-19T08:14:37+00:00","dateModified":"2013-10-16T11:32:10+00:00","breadcrumb":{"@id":"https:\/\/feuerwehr-lech.at\/wp\/19-07-2012-baukran-umgestuerzt-baustelle-lech-lodge\/#breadcrumb"},"inLanguage":"de","potentialAction":[{"@type":"ReadAction","target":["https:\/\/feuerwehr-lech.at\/wp\/19-07-2012-baukran-umgestuerzt-baustelle-lech-lodge\/"]}]},{"@type":"BreadcrumbList","@id":"https:\/\/feuerwehr-lech.at\/wp\/19-07-2012-baukran-umgestuerzt-baustelle-lech-lodge\/#breadcrumb","itemListElement":[{"@type":"ListItem","position":1,"name":"Startseite","item":"https:\/\/feuerwehr-lech.at\/wp\/"},{"@type":"ListItem","position":2,"name":"19.07.2012 Baukran umgest\u00fcrzt Baustelle Lech Lodge"}]},{"@type":"WebSite","@id":"https:\/\/feuerwehr-lech.at\/wp\/#website","url":"https:\/\/feuerwehr-lech.at\/wp\/","name":"Ortsfeuerwehr Lech","description":"","publisher":{"@id":"https:\/\/feuerwehr-lech.at\/wp\/#organization"},"potentialAction":[{"@type":"SearchAction","target":{"@type":"EntryPoint","urlTemplate":"https:\/\/feuerwehr-lech.at\/wp\/?s={search_term_string}"},"query-input":{"@type":"PropertyValueSpecification","valueRequired":true,"valueName":"search_term_string"}}],"inLanguage":"de"},{"@type":"Organization","@id":"https:\/\/feuerwehr-lech.at\/wp\/#organization","name":"Ortsfeuerwehr Lech","url":"https:\/\/feuerwehr-lech.at\/wp\/","logo":{"@type":"ImageObject","inLanguage":"de","@id":"https:\/\/feuerwehr-lech.at\/wp\/#\/schema\/logo\/image\/","url":"https:\/\/feuerwehr-lech.at\/wp\/wp-content\/uploads\/2024\/05\/lech-favicon-1.png","contentUrl":"https:\/\/feuerwehr-lech.at\/wp\/wp-content\/uploads\/2024\/05\/lech-favicon-1.png","width":192,"height":192,"caption":"Ortsfeuerwehr Lech"},"image":{"@id":"https:\/\/feuerwehr-lech.at\/wp\/#\/schema\/logo\/image\/"},"sameAs":["https:\/\/www.facebook.com\/feuerwehrlech"]},{"@type":"Person","@id":"https:\/\/feuerwehr-lech.at\/wp\/#\/schema\/person\/36f2f0ecd20ba97e6bf1be41fcaa9419","name":"martin.jochum"}]}},"_links":{"self":[{"href":"https:\/\/feuerwehr-lech.at\/wp\/wp-json\/wp\/v2\/posts\/850","targetHints":{"allow":["GET"]}}],"collection":[{"href":"https:\/\/feuerwehr-lech.at\/wp\/wp-json\/wp\/v2\/posts"}],"about":[{"href":"https:\/\/feuerwehr-lech.at\/wp\/wp-json\/wp\/v2\/types\/post"}],"author":[{"embeddable":true,"href":"https:\/\/feuerwehr-lech.at\/wp\/wp-json\/wp\/v2\/users\/3"}],"replies":[{"embeddable":true,"href":"https:\/\/feuerwehr-lech.at\/wp\/wp-json\/wp\/v2\/comments?post=850"}],"version-history":[{"count":4,"href":"https:\/\/feuerwehr-lech.at\/wp\/wp-json\/wp\/v2\/posts\/850\/revisions"}],"predecessor-version":[{"id":2117,"href":"https:\/\/feuerwehr-lech.at\/wp\/wp-json\/wp\/v2\/posts\/850\/revisions\/2117"}],"wp:attachment":[{"href":"https:\/\/feuerwehr-lech.at\/wp\/wp-json\/wp\/v2\/media?parent=850"}],"wp:term":[{"taxonomy":"category","embeddable":true,"href":"https:\/\/feuerwehr-lech.at\/wp\/wp-json\/wp\/v2\/categories?post=850"},{"taxonomy":"post_tag","embeddable":true,"href":"https:\/\/feuerwehr-lech.at\/wp\/wp-json\/wp\/v2\/tags?post=850"}],"curies":[{"name":"wp","href":"https:\/\/api.w.org\/{rel}","templated":true}]}}