{"id":762,"date":"2011-01-24T14:53:12","date_gmt":"2011-01-24T12:53:12","guid":{"rendered":"http:\/\/feuerwehr-lech.at\/wp\/?p=762"},"modified":"2013-10-16T13:38:12","modified_gmt":"2013-10-16T11:38:12","slug":"24-01-2011-brandmeldeanlage-hat-ausgeloest","status":"publish","type":"post","link":"https:\/\/feuerwehr-lech.at\/wp\/24-01-2011-brandmeldeanlage-hat-ausgeloest\/","title":{"rendered":"24.01.2011 Brandmeldeanlage hat ausgel\u00f6st Hotel Aurelio"},"content":{"rendered":"<p>Die Alarmierung erfolgte um 02.58 Uhr per RFL F14.<br \/>\nBeim Hotel Aurelio hatte die Brandmeldeanlage ausgel\u00f6st. Trotz der vorliegenden Brandschutzpl\u00e4ne konnte der angesprochene Melder l\u00e4ngere Zeit nicht ausfindig gemacht werden. Dieser war schlussendlich in der Rauchabzugsanlage zu finden. Nach der Kontrolle durch die Feuerwehr Lech wurde der Einsatz schlie\u00dflich beendet.<br \/>\nDie OF Lech war mit 10 Mann ca. 10 Stunden im Einsatz.<\/p>\n<p><a title=\"Zur \u00dcbersicht.\" href=\"https:\/\/feuerwehr-lech.at\/wp\/in-aktion-2\/einsatz-seite-neu\/\">Zur \u00dcbersicht.<\/a><\/p>\n","protected":false},"excerpt":{"rendered":"<p>Die Alarmierung erfolgte um 02.58 Uhr per RFL F14. Beim Hotel Aurelio hatte die Brandmeldeanlage ausgel\u00f6st. Trotz der vorliegenden Brandschutzpl\u00e4ne konnte der angesprochene Melder l\u00e4ngere Zeit nicht ausfindig gemacht werden. Dieser war schlussendlich in der Rauchabzugsanlage zu finden. Nach der Kontrolle durch die Feuerwehr Lech wurde der Einsatz schlie\u00dflich beendet. Die OF Lech war mit &hellip; <a href=\"https:\/\/feuerwehr-lech.at\/wp\/24-01-2011-brandmeldeanlage-hat-ausgeloest\/\" class=\"more-link\"><span class=\"screen-reader-text\">24.01.2011 Brandmeldeanlage hat ausgel\u00f6st Hotel Aurelio<\/span> weiterlesen <span class=\"meta-nav\">&rarr;<\/span><\/a><\/p>\n","protected":false},"author":3,"featured_media":0,"comment_status":"open","ping_status":"closed","sticky":false,"template":"","format":"standard","meta":{"footnotes":""},"categories":[24],"tags":[],"class_list":["post-762","post","type-post","status-publish","format-standard","hentry","category-24"],"yoast_head":"<!-- This site is optimized with the Yoast SEO plugin v27.5 - https:\/\/yoast.com\/product\/yoast-seo-wordpress\/ -->\n<title>24.01.2011 Brandmeldeanlage hat ausgel\u00f6st Hotel Aurelio - Ortsfeuerwehr Lech<\/title>\n<meta name=\"robots\" content=\"index, follow, max-snippet:-1, max-image-preview:large, max-video-preview:-1\" \/>\n<link rel=\"canonical\" href=\"https:\/\/feuerwehr-lech.at\/wp\/24-01-2011-brandmeldeanlage-hat-ausgeloest\/\" \/>\n<meta property=\"og:locale\" content=\"de_DE\" \/>\n<meta property=\"og:type\" content=\"article\" \/>\n<meta property=\"og:title\" content=\"24.01.2011 Brandmeldeanlage hat ausgel\u00f6st Hotel Aurelio - Ortsfeuerwehr Lech\" \/>\n<meta property=\"og:description\" content=\"Die Alarmierung erfolgte um 02.58 Uhr per RFL F14. Beim Hotel Aurelio hatte die Brandmeldeanlage ausgel\u00f6st. Trotz der vorliegenden Brandschutzpl\u00e4ne konnte der angesprochene Melder l\u00e4ngere Zeit nicht ausfindig gemacht werden. Dieser war schlussendlich in der Rauchabzugsanlage zu finden. Nach der Kontrolle durch die Feuerwehr Lech wurde der Einsatz schlie\u00dflich beendet. Die OF Lech war mit &hellip; 24.01.2011 Brandmeldeanlage hat ausgel\u00f6st Hotel Aurelio weiterlesen &rarr;\" \/>\n<meta property=\"og:url\" content=\"https:\/\/feuerwehr-lech.at\/wp\/24-01-2011-brandmeldeanlage-hat-ausgeloest\/\" \/>\n<meta property=\"og:site_name\" content=\"Ortsfeuerwehr Lech\" \/>\n<meta property=\"article:publisher\" content=\"https:\/\/www.facebook.com\/feuerwehrlech\" \/>\n<meta property=\"article:published_time\" content=\"2011-01-24T12:53:12+00:00\" \/>\n<meta property=\"article:modified_time\" content=\"2013-10-16T11:38:12+00:00\" \/>\n<meta property=\"og:image\" content=\"https:\/\/feuerwehr-lech.at\/wp\/wp-content\/uploads\/2015\/01\/cropped-header-1.jpg\" \/>\n\t<meta property=\"og:image:width\" content=\"1260\" \/>\n\t<meta property=\"og:image:height\" content=\"239\" \/>\n\t<meta property=\"og:image:type\" content=\"image\/jpeg\" \/>\n<meta name=\"author\" content=\"martin.jochum\" \/>\n<meta name=\"twitter:card\" content=\"summary_large_image\" \/>\n<meta name=\"twitter:label1\" content=\"Verfasst von\" \/>\n\t<meta name=\"twitter:data1\" content=\"martin.jochum\" \/>\n<script type=\"application\/ld+json\" class=\"yoast-schema-graph\">{\"@context\":\"https:\\\/\\\/schema.org\",\"@graph\":[{\"@type\":\"Article\",\"@id\":\"https:\\\/\\\/feuerwehr-lech.at\\\/wp\\\/24-01-2011-brandmeldeanlage-hat-ausgeloest\\\/#article\",\"isPartOf\":{\"@id\":\"https:\\\/\\\/feuerwehr-lech.at\\\/wp\\\/24-01-2011-brandmeldeanlage-hat-ausgeloest\\\/\"},\"author\":{\"name\":\"martin.jochum\",\"@id\":\"https:\\\/\\\/feuerwehr-lech.at\\\/wp\\\/#\\\/schema\\\/person\\\/36f2f0ecd20ba97e6bf1be41fcaa9419\"},\"headline\":\"24.01.2011 Brandmeldeanlage hat ausgel\u00f6st Hotel Aurelio\",\"datePublished\":\"2011-01-24T12:53:12+00:00\",\"dateModified\":\"2013-10-16T11:38:12+00:00\",\"mainEntityOfPage\":{\"@id\":\"https:\\\/\\\/feuerwehr-lech.at\\\/wp\\\/24-01-2011-brandmeldeanlage-hat-ausgeloest\\\/\"},\"wordCount\":71,\"commentCount\":0,\"publisher\":{\"@id\":\"https:\\\/\\\/feuerwehr-lech.at\\\/wp\\\/#organization\"},\"articleSection\":[\"2011\"],\"inLanguage\":\"de\",\"potentialAction\":[{\"@type\":\"CommentAction\",\"name\":\"Comment\",\"target\":[\"https:\\\/\\\/feuerwehr-lech.at\\\/wp\\\/24-01-2011-brandmeldeanlage-hat-ausgeloest\\\/#respond\"]}]},{\"@type\":\"WebPage\",\"@id\":\"https:\\\/\\\/feuerwehr-lech.at\\\/wp\\\/24-01-2011-brandmeldeanlage-hat-ausgeloest\\\/\",\"url\":\"https:\\\/\\\/feuerwehr-lech.at\\\/wp\\\/24-01-2011-brandmeldeanlage-hat-ausgeloest\\\/\",\"name\":\"24.01.2011 Brandmeldeanlage hat ausgel\u00f6st Hotel Aurelio - Ortsfeuerwehr Lech\",\"isPartOf\":{\"@id\":\"https:\\\/\\\/feuerwehr-lech.at\\\/wp\\\/#website\"},\"datePublished\":\"2011-01-24T12:53:12+00:00\",\"dateModified\":\"2013-10-16T11:38:12+00:00\",\"breadcrumb\":{\"@id\":\"https:\\\/\\\/feuerwehr-lech.at\\\/wp\\\/24-01-2011-brandmeldeanlage-hat-ausgeloest\\\/#breadcrumb\"},\"inLanguage\":\"de\",\"potentialAction\":[{\"@type\":\"ReadAction\",\"target\":[\"https:\\\/\\\/feuerwehr-lech.at\\\/wp\\\/24-01-2011-brandmeldeanlage-hat-ausgeloest\\\/\"]}]},{\"@type\":\"BreadcrumbList\",\"@id\":\"https:\\\/\\\/feuerwehr-lech.at\\\/wp\\\/24-01-2011-brandmeldeanlage-hat-ausgeloest\\\/#breadcrumb\",\"itemListElement\":[{\"@type\":\"ListItem\",\"position\":1,\"name\":\"Startseite\",\"item\":\"https:\\\/\\\/feuerwehr-lech.at\\\/wp\\\/\"},{\"@type\":\"ListItem\",\"position\":2,\"name\":\"24.01.2011 Brandmeldeanlage hat ausgel\u00f6st Hotel Aurelio\"}]},{\"@type\":\"WebSite\",\"@id\":\"https:\\\/\\\/feuerwehr-lech.at\\\/wp\\\/#website\",\"url\":\"https:\\\/\\\/feuerwehr-lech.at\\\/wp\\\/\",\"name\":\"Ortsfeuerwehr Lech\",\"description\":\"\",\"publisher\":{\"@id\":\"https:\\\/\\\/feuerwehr-lech.at\\\/wp\\\/#organization\"},\"potentialAction\":[{\"@type\":\"SearchAction\",\"target\":{\"@type\":\"EntryPoint\",\"urlTemplate\":\"https:\\\/\\\/feuerwehr-lech.at\\\/wp\\\/?s={search_term_string}\"},\"query-input\":{\"@type\":\"PropertyValueSpecification\",\"valueRequired\":true,\"valueName\":\"search_term_string\"}}],\"inLanguage\":\"de\"},{\"@type\":\"Organization\",\"@id\":\"https:\\\/\\\/feuerwehr-lech.at\\\/wp\\\/#organization\",\"name\":\"Ortsfeuerwehr Lech\",\"url\":\"https:\\\/\\\/feuerwehr-lech.at\\\/wp\\\/\",\"logo\":{\"@type\":\"ImageObject\",\"inLanguage\":\"de\",\"@id\":\"https:\\\/\\\/feuerwehr-lech.at\\\/wp\\\/#\\\/schema\\\/logo\\\/image\\\/\",\"url\":\"https:\\\/\\\/feuerwehr-lech.at\\\/wp\\\/wp-content\\\/uploads\\\/2024\\\/05\\\/lech-favicon-1.png\",\"contentUrl\":\"https:\\\/\\\/feuerwehr-lech.at\\\/wp\\\/wp-content\\\/uploads\\\/2024\\\/05\\\/lech-favicon-1.png\",\"width\":192,\"height\":192,\"caption\":\"Ortsfeuerwehr Lech\"},\"image\":{\"@id\":\"https:\\\/\\\/feuerwehr-lech.at\\\/wp\\\/#\\\/schema\\\/logo\\\/image\\\/\"},\"sameAs\":[\"https:\\\/\\\/www.facebook.com\\\/feuerwehrlech\"]},{\"@type\":\"Person\",\"@id\":\"https:\\\/\\\/feuerwehr-lech.at\\\/wp\\\/#\\\/schema\\\/person\\\/36f2f0ecd20ba97e6bf1be41fcaa9419\",\"name\":\"martin.jochum\"}]}<\/script>\n<!-- \/ Yoast SEO plugin. -->","yoast_head_json":{"title":"24.01.2011 Brandmeldeanlage hat ausgel\u00f6st Hotel Aurelio - Ortsfeuerwehr Lech","robots":{"index":"index","follow":"follow","max-snippet":"max-snippet:-1","max-image-preview":"max-image-preview:large","max-video-preview":"max-video-preview:-1"},"canonical":"https:\/\/feuerwehr-lech.at\/wp\/24-01-2011-brandmeldeanlage-hat-ausgeloest\/","og_locale":"de_DE","og_type":"article","og_title":"24.01.2011 Brandmeldeanlage hat ausgel\u00f6st Hotel Aurelio - Ortsfeuerwehr Lech","og_description":"Die Alarmierung erfolgte um 02.58 Uhr per RFL F14. Beim Hotel Aurelio hatte die Brandmeldeanlage ausgel\u00f6st. Trotz der vorliegenden Brandschutzpl\u00e4ne konnte der angesprochene Melder l\u00e4ngere Zeit nicht ausfindig gemacht werden. Dieser war schlussendlich in der Rauchabzugsanlage zu finden. Nach der Kontrolle durch die Feuerwehr Lech wurde der Einsatz schlie\u00dflich beendet. Die OF Lech war mit &hellip; 24.01.2011 Brandmeldeanlage hat ausgel\u00f6st Hotel Aurelio weiterlesen &rarr;","og_url":"https:\/\/feuerwehr-lech.at\/wp\/24-01-2011-brandmeldeanlage-hat-ausgeloest\/","og_site_name":"Ortsfeuerwehr Lech","article_publisher":"https:\/\/www.facebook.com\/feuerwehrlech","article_published_time":"2011-01-24T12:53:12+00:00","article_modified_time":"2013-10-16T11:38:12+00:00","og_image":[{"width":1260,"height":239,"url":"https:\/\/feuerwehr-lech.at\/wp\/wp-content\/uploads\/2015\/01\/cropped-header-1.jpg","type":"image\/jpeg"}],"author":"martin.jochum","twitter_card":"summary_large_image","twitter_misc":{"Verfasst von":"martin.jochum"},"schema":{"@context":"https:\/\/schema.org","@graph":[{"@type":"Article","@id":"https:\/\/feuerwehr-lech.at\/wp\/24-01-2011-brandmeldeanlage-hat-ausgeloest\/#article","isPartOf":{"@id":"https:\/\/feuerwehr-lech.at\/wp\/24-01-2011-brandmeldeanlage-hat-ausgeloest\/"},"author":{"name":"martin.jochum","@id":"https:\/\/feuerwehr-lech.at\/wp\/#\/schema\/person\/36f2f0ecd20ba97e6bf1be41fcaa9419"},"headline":"24.01.2011 Brandmeldeanlage hat ausgel\u00f6st Hotel Aurelio","datePublished":"2011-01-24T12:53:12+00:00","dateModified":"2013-10-16T11:38:12+00:00","mainEntityOfPage":{"@id":"https:\/\/feuerwehr-lech.at\/wp\/24-01-2011-brandmeldeanlage-hat-ausgeloest\/"},"wordCount":71,"commentCount":0,"publisher":{"@id":"https:\/\/feuerwehr-lech.at\/wp\/#organization"},"articleSection":["2011"],"inLanguage":"de","potentialAction":[{"@type":"CommentAction","name":"Comment","target":["https:\/\/feuerwehr-lech.at\/wp\/24-01-2011-brandmeldeanlage-hat-ausgeloest\/#respond"]}]},{"@type":"WebPage","@id":"https:\/\/feuerwehr-lech.at\/wp\/24-01-2011-brandmeldeanlage-hat-ausgeloest\/","url":"https:\/\/feuerwehr-lech.at\/wp\/24-01-2011-brandmeldeanlage-hat-ausgeloest\/","name":"24.01.2011 Brandmeldeanlage hat ausgel\u00f6st Hotel Aurelio - Ortsfeuerwehr Lech","isPartOf":{"@id":"https:\/\/feuerwehr-lech.at\/wp\/#website"},"datePublished":"2011-01-24T12:53:12+00:00","dateModified":"2013-10-16T11:38:12+00:00","breadcrumb":{"@id":"https:\/\/feuerwehr-lech.at\/wp\/24-01-2011-brandmeldeanlage-hat-ausgeloest\/#breadcrumb"},"inLanguage":"de","potentialAction":[{"@type":"ReadAction","target":["https:\/\/feuerwehr-lech.at\/wp\/24-01-2011-brandmeldeanlage-hat-ausgeloest\/"]}]},{"@type":"BreadcrumbList","@id":"https:\/\/feuerwehr-lech.at\/wp\/24-01-2011-brandmeldeanlage-hat-ausgeloest\/#breadcrumb","itemListElement":[{"@type":"ListItem","position":1,"name":"Startseite","item":"https:\/\/feuerwehr-lech.at\/wp\/"},{"@type":"ListItem","position":2,"name":"24.01.2011 Brandmeldeanlage hat ausgel\u00f6st Hotel Aurelio"}]},{"@type":"WebSite","@id":"https:\/\/feuerwehr-lech.at\/wp\/#website","url":"https:\/\/feuerwehr-lech.at\/wp\/","name":"Ortsfeuerwehr Lech","description":"","publisher":{"@id":"https:\/\/feuerwehr-lech.at\/wp\/#organization"},"potentialAction":[{"@type":"SearchAction","target":{"@type":"EntryPoint","urlTemplate":"https:\/\/feuerwehr-lech.at\/wp\/?s={search_term_string}"},"query-input":{"@type":"PropertyValueSpecification","valueRequired":true,"valueName":"search_term_string"}}],"inLanguage":"de"},{"@type":"Organization","@id":"https:\/\/feuerwehr-lech.at\/wp\/#organization","name":"Ortsfeuerwehr Lech","url":"https:\/\/feuerwehr-lech.at\/wp\/","logo":{"@type":"ImageObject","inLanguage":"de","@id":"https:\/\/feuerwehr-lech.at\/wp\/#\/schema\/logo\/image\/","url":"https:\/\/feuerwehr-lech.at\/wp\/wp-content\/uploads\/2024\/05\/lech-favicon-1.png","contentUrl":"https:\/\/feuerwehr-lech.at\/wp\/wp-content\/uploads\/2024\/05\/lech-favicon-1.png","width":192,"height":192,"caption":"Ortsfeuerwehr Lech"},"image":{"@id":"https:\/\/feuerwehr-lech.at\/wp\/#\/schema\/logo\/image\/"},"sameAs":["https:\/\/www.facebook.com\/feuerwehrlech"]},{"@type":"Person","@id":"https:\/\/feuerwehr-lech.at\/wp\/#\/schema\/person\/36f2f0ecd20ba97e6bf1be41fcaa9419","name":"martin.jochum"}]}},"_links":{"self":[{"href":"https:\/\/feuerwehr-lech.at\/wp\/wp-json\/wp\/v2\/posts\/762","targetHints":{"allow":["GET"]}}],"collection":[{"href":"https:\/\/feuerwehr-lech.at\/wp\/wp-json\/wp\/v2\/posts"}],"about":[{"href":"https:\/\/feuerwehr-lech.at\/wp\/wp-json\/wp\/v2\/types\/post"}],"author":[{"embeddable":true,"href":"https:\/\/feuerwehr-lech.at\/wp\/wp-json\/wp\/v2\/users\/3"}],"replies":[{"embeddable":true,"href":"https:\/\/feuerwehr-lech.at\/wp\/wp-json\/wp\/v2\/comments?post=762"}],"version-history":[{"count":4,"href":"https:\/\/feuerwehr-lech.at\/wp\/wp-json\/wp\/v2\/posts\/762\/revisions"}],"predecessor-version":[{"id":2160,"href":"https:\/\/feuerwehr-lech.at\/wp\/wp-json\/wp\/v2\/posts\/762\/revisions\/2160"}],"wp:attachment":[{"href":"https:\/\/feuerwehr-lech.at\/wp\/wp-json\/wp\/v2\/media?parent=762"}],"wp:term":[{"taxonomy":"category","embeddable":true,"href":"https:\/\/feuerwehr-lech.at\/wp\/wp-json\/wp\/v2\/categories?post=762"},{"taxonomy":"post_tag","embeddable":true,"href":"https:\/\/feuerwehr-lech.at\/wp\/wp-json\/wp\/v2\/tags?post=762"}],"curies":[{"name":"wp","href":"https:\/\/api.w.org\/{rel}","templated":true}]}}