{"id":687,"date":"2008-07-08T13:42:13","date_gmt":"2008-07-08T11:42:13","guid":{"rendered":"http:\/\/feuerwehr-lech.at\/wp\/?p=687"},"modified":"2013-10-16T13:43:10","modified_gmt":"2013-10-16T11:43:10","slug":"08-07-2008-benzinspur-b198-lech-warth","status":"publish","type":"post","link":"https:\/\/feuerwehr-lech.at\/wp\/08-07-2008-benzinspur-b198-lech-warth\/","title":{"rendered":"08.07.2008 Benzinspur B198 Lech-Warth"},"content":{"rendered":"<p>Zwischen\u00a0\u00a0 Lech und Warth hat ein Fahrzeug Benzin verloren. Zusammen mit der OF\u00a0\u00a0 Warth wurde mittels \u00d6lbindemittel die Stra\u00dfe gereinigt. Au\u00dferdem wurden\u00a0\u00a0 die Faltdreiecke &#8222;\u00d6lspur&#8220; aufgestellt sowie der Bauhof Rauz informiert,\u00a0\u00a0 um Verkehrsschilder aufzustellen.<br \/>\n2 MTF, 1 \u00d6lh\u00e4nger sowie 19\u00a0 Personen der OF Lech waren insgesamt ca. 22h im Einsatz.<\/p>\n<p><a title=\"Zur \u00dcbersicht.\" href=\"https:\/\/feuerwehr-lech.at\/wp\/in-aktion-2\/einsatz-seite-neu\/\">Zur \u00dcbersicht.<\/a><\/p>\n","protected":false},"excerpt":{"rendered":"<p>Zwischen\u00a0\u00a0 Lech und Warth hat ein Fahrzeug Benzin verloren. Zusammen mit der OF\u00a0\u00a0 Warth wurde mittels \u00d6lbindemittel die Stra\u00dfe gereinigt. Au\u00dferdem wurden\u00a0\u00a0 die Faltdreiecke &#8222;\u00d6lspur&#8220; aufgestellt sowie der Bauhof Rauz informiert,\u00a0\u00a0 um Verkehrsschilder aufzustellen. 2 MTF, 1 \u00d6lh\u00e4nger sowie 19\u00a0 Personen der OF Lech waren insgesamt ca. 22h im Einsatz. Zur \u00dcbersicht.<\/p>\n","protected":false},"author":3,"featured_media":0,"comment_status":"open","ping_status":"closed","sticky":false,"template":"","format":"standard","meta":{"footnotes":""},"categories":[21],"tags":[],"class_list":["post-687","post","type-post","status-publish","format-standard","hentry","category-21"],"yoast_head":"<!-- This site is optimized with the Yoast SEO plugin v27.4 - https:\/\/yoast.com\/product\/yoast-seo-wordpress\/ -->\n<title>08.07.2008 Benzinspur B198 Lech-Warth - Ortsfeuerwehr Lech<\/title>\n<meta name=\"robots\" content=\"index, follow, max-snippet:-1, max-image-preview:large, max-video-preview:-1\" \/>\n<link rel=\"canonical\" href=\"https:\/\/feuerwehr-lech.at\/wp\/08-07-2008-benzinspur-b198-lech-warth\/\" \/>\n<meta property=\"og:locale\" content=\"de_DE\" \/>\n<meta property=\"og:type\" content=\"article\" \/>\n<meta property=\"og:title\" content=\"08.07.2008 Benzinspur B198 Lech-Warth - Ortsfeuerwehr Lech\" \/>\n<meta property=\"og:description\" content=\"Zwischen\u00a0\u00a0 Lech und Warth hat ein Fahrzeug Benzin verloren. Zusammen mit der OF\u00a0\u00a0 Warth wurde mittels \u00d6lbindemittel die Stra\u00dfe gereinigt. Au\u00dferdem wurden\u00a0\u00a0 die Faltdreiecke &#8222;\u00d6lspur&#8220; aufgestellt sowie der Bauhof Rauz informiert,\u00a0\u00a0 um Verkehrsschilder aufzustellen. 2 MTF, 1 \u00d6lh\u00e4nger sowie 19\u00a0 Personen der OF Lech waren insgesamt ca. 22h im Einsatz. Zur \u00dcbersicht.\" \/>\n<meta property=\"og:url\" content=\"https:\/\/feuerwehr-lech.at\/wp\/08-07-2008-benzinspur-b198-lech-warth\/\" \/>\n<meta property=\"og:site_name\" content=\"Ortsfeuerwehr Lech\" \/>\n<meta property=\"article:publisher\" content=\"https:\/\/www.facebook.com\/feuerwehrlech\" \/>\n<meta property=\"article:published_time\" content=\"2008-07-08T11:42:13+00:00\" \/>\n<meta property=\"article:modified_time\" content=\"2013-10-16T11:43:10+00:00\" \/>\n<meta property=\"og:image\" content=\"https:\/\/feuerwehr-lech.at\/wp\/wp-content\/uploads\/2015\/01\/cropped-header-1.jpg\" \/>\n\t<meta property=\"og:image:width\" content=\"1260\" \/>\n\t<meta property=\"og:image:height\" content=\"239\" \/>\n\t<meta property=\"og:image:type\" content=\"image\/jpeg\" \/>\n<meta name=\"author\" content=\"martin.jochum\" \/>\n<meta name=\"twitter:card\" content=\"summary_large_image\" \/>\n<meta name=\"twitter:label1\" content=\"Verfasst von\" \/>\n\t<meta name=\"twitter:data1\" content=\"martin.jochum\" \/>\n<script type=\"application\/ld+json\" class=\"yoast-schema-graph\">{\"@context\":\"https:\\\/\\\/schema.org\",\"@graph\":[{\"@type\":\"Article\",\"@id\":\"https:\\\/\\\/feuerwehr-lech.at\\\/wp\\\/08-07-2008-benzinspur-b198-lech-warth\\\/#article\",\"isPartOf\":{\"@id\":\"https:\\\/\\\/feuerwehr-lech.at\\\/wp\\\/08-07-2008-benzinspur-b198-lech-warth\\\/\"},\"author\":{\"name\":\"martin.jochum\",\"@id\":\"https:\\\/\\\/feuerwehr-lech.at\\\/wp\\\/#\\\/schema\\\/person\\\/36f2f0ecd20ba97e6bf1be41fcaa9419\"},\"headline\":\"08.07.2008 Benzinspur B198 Lech-Warth\",\"datePublished\":\"2008-07-08T11:42:13+00:00\",\"dateModified\":\"2013-10-16T11:43:10+00:00\",\"mainEntityOfPage\":{\"@id\":\"https:\\\/\\\/feuerwehr-lech.at\\\/wp\\\/08-07-2008-benzinspur-b198-lech-warth\\\/\"},\"wordCount\":55,\"commentCount\":0,\"publisher\":{\"@id\":\"https:\\\/\\\/feuerwehr-lech.at\\\/wp\\\/#organization\"},\"articleSection\":[\"2008\"],\"inLanguage\":\"de\",\"potentialAction\":[{\"@type\":\"CommentAction\",\"name\":\"Comment\",\"target\":[\"https:\\\/\\\/feuerwehr-lech.at\\\/wp\\\/08-07-2008-benzinspur-b198-lech-warth\\\/#respond\"]}]},{\"@type\":\"WebPage\",\"@id\":\"https:\\\/\\\/feuerwehr-lech.at\\\/wp\\\/08-07-2008-benzinspur-b198-lech-warth\\\/\",\"url\":\"https:\\\/\\\/feuerwehr-lech.at\\\/wp\\\/08-07-2008-benzinspur-b198-lech-warth\\\/\",\"name\":\"08.07.2008 Benzinspur B198 Lech-Warth - Ortsfeuerwehr Lech\",\"isPartOf\":{\"@id\":\"https:\\\/\\\/feuerwehr-lech.at\\\/wp\\\/#website\"},\"datePublished\":\"2008-07-08T11:42:13+00:00\",\"dateModified\":\"2013-10-16T11:43:10+00:00\",\"breadcrumb\":{\"@id\":\"https:\\\/\\\/feuerwehr-lech.at\\\/wp\\\/08-07-2008-benzinspur-b198-lech-warth\\\/#breadcrumb\"},\"inLanguage\":\"de\",\"potentialAction\":[{\"@type\":\"ReadAction\",\"target\":[\"https:\\\/\\\/feuerwehr-lech.at\\\/wp\\\/08-07-2008-benzinspur-b198-lech-warth\\\/\"]}]},{\"@type\":\"BreadcrumbList\",\"@id\":\"https:\\\/\\\/feuerwehr-lech.at\\\/wp\\\/08-07-2008-benzinspur-b198-lech-warth\\\/#breadcrumb\",\"itemListElement\":[{\"@type\":\"ListItem\",\"position\":1,\"name\":\"Startseite\",\"item\":\"https:\\\/\\\/feuerwehr-lech.at\\\/wp\\\/\"},{\"@type\":\"ListItem\",\"position\":2,\"name\":\"08.07.2008 Benzinspur B198 Lech-Warth\"}]},{\"@type\":\"WebSite\",\"@id\":\"https:\\\/\\\/feuerwehr-lech.at\\\/wp\\\/#website\",\"url\":\"https:\\\/\\\/feuerwehr-lech.at\\\/wp\\\/\",\"name\":\"Ortsfeuerwehr Lech\",\"description\":\"\",\"publisher\":{\"@id\":\"https:\\\/\\\/feuerwehr-lech.at\\\/wp\\\/#organization\"},\"potentialAction\":[{\"@type\":\"SearchAction\",\"target\":{\"@type\":\"EntryPoint\",\"urlTemplate\":\"https:\\\/\\\/feuerwehr-lech.at\\\/wp\\\/?s={search_term_string}\"},\"query-input\":{\"@type\":\"PropertyValueSpecification\",\"valueRequired\":true,\"valueName\":\"search_term_string\"}}],\"inLanguage\":\"de\"},{\"@type\":\"Organization\",\"@id\":\"https:\\\/\\\/feuerwehr-lech.at\\\/wp\\\/#organization\",\"name\":\"Ortsfeuerwehr Lech\",\"url\":\"https:\\\/\\\/feuerwehr-lech.at\\\/wp\\\/\",\"logo\":{\"@type\":\"ImageObject\",\"inLanguage\":\"de\",\"@id\":\"https:\\\/\\\/feuerwehr-lech.at\\\/wp\\\/#\\\/schema\\\/logo\\\/image\\\/\",\"url\":\"https:\\\/\\\/feuerwehr-lech.at\\\/wp\\\/wp-content\\\/uploads\\\/2024\\\/05\\\/lech-favicon-1.png\",\"contentUrl\":\"https:\\\/\\\/feuerwehr-lech.at\\\/wp\\\/wp-content\\\/uploads\\\/2024\\\/05\\\/lech-favicon-1.png\",\"width\":192,\"height\":192,\"caption\":\"Ortsfeuerwehr Lech\"},\"image\":{\"@id\":\"https:\\\/\\\/feuerwehr-lech.at\\\/wp\\\/#\\\/schema\\\/logo\\\/image\\\/\"},\"sameAs\":[\"https:\\\/\\\/www.facebook.com\\\/feuerwehrlech\"]},{\"@type\":\"Person\",\"@id\":\"https:\\\/\\\/feuerwehr-lech.at\\\/wp\\\/#\\\/schema\\\/person\\\/36f2f0ecd20ba97e6bf1be41fcaa9419\",\"name\":\"martin.jochum\"}]}<\/script>\n<!-- \/ Yoast SEO plugin. -->","yoast_head_json":{"title":"08.07.2008 Benzinspur B198 Lech-Warth - Ortsfeuerwehr Lech","robots":{"index":"index","follow":"follow","max-snippet":"max-snippet:-1","max-image-preview":"max-image-preview:large","max-video-preview":"max-video-preview:-1"},"canonical":"https:\/\/feuerwehr-lech.at\/wp\/08-07-2008-benzinspur-b198-lech-warth\/","og_locale":"de_DE","og_type":"article","og_title":"08.07.2008 Benzinspur B198 Lech-Warth - Ortsfeuerwehr Lech","og_description":"Zwischen\u00a0\u00a0 Lech und Warth hat ein Fahrzeug Benzin verloren. Zusammen mit der OF\u00a0\u00a0 Warth wurde mittels \u00d6lbindemittel die Stra\u00dfe gereinigt. Au\u00dferdem wurden\u00a0\u00a0 die Faltdreiecke &#8222;\u00d6lspur&#8220; aufgestellt sowie der Bauhof Rauz informiert,\u00a0\u00a0 um Verkehrsschilder aufzustellen. 2 MTF, 1 \u00d6lh\u00e4nger sowie 19\u00a0 Personen der OF Lech waren insgesamt ca. 22h im Einsatz. Zur \u00dcbersicht.","og_url":"https:\/\/feuerwehr-lech.at\/wp\/08-07-2008-benzinspur-b198-lech-warth\/","og_site_name":"Ortsfeuerwehr Lech","article_publisher":"https:\/\/www.facebook.com\/feuerwehrlech","article_published_time":"2008-07-08T11:42:13+00:00","article_modified_time":"2013-10-16T11:43:10+00:00","og_image":[{"width":1260,"height":239,"url":"https:\/\/feuerwehr-lech.at\/wp\/wp-content\/uploads\/2015\/01\/cropped-header-1.jpg","type":"image\/jpeg"}],"author":"martin.jochum","twitter_card":"summary_large_image","twitter_misc":{"Verfasst von":"martin.jochum"},"schema":{"@context":"https:\/\/schema.org","@graph":[{"@type":"Article","@id":"https:\/\/feuerwehr-lech.at\/wp\/08-07-2008-benzinspur-b198-lech-warth\/#article","isPartOf":{"@id":"https:\/\/feuerwehr-lech.at\/wp\/08-07-2008-benzinspur-b198-lech-warth\/"},"author":{"name":"martin.jochum","@id":"https:\/\/feuerwehr-lech.at\/wp\/#\/schema\/person\/36f2f0ecd20ba97e6bf1be41fcaa9419"},"headline":"08.07.2008 Benzinspur B198 Lech-Warth","datePublished":"2008-07-08T11:42:13+00:00","dateModified":"2013-10-16T11:43:10+00:00","mainEntityOfPage":{"@id":"https:\/\/feuerwehr-lech.at\/wp\/08-07-2008-benzinspur-b198-lech-warth\/"},"wordCount":55,"commentCount":0,"publisher":{"@id":"https:\/\/feuerwehr-lech.at\/wp\/#organization"},"articleSection":["2008"],"inLanguage":"de","potentialAction":[{"@type":"CommentAction","name":"Comment","target":["https:\/\/feuerwehr-lech.at\/wp\/08-07-2008-benzinspur-b198-lech-warth\/#respond"]}]},{"@type":"WebPage","@id":"https:\/\/feuerwehr-lech.at\/wp\/08-07-2008-benzinspur-b198-lech-warth\/","url":"https:\/\/feuerwehr-lech.at\/wp\/08-07-2008-benzinspur-b198-lech-warth\/","name":"08.07.2008 Benzinspur B198 Lech-Warth - Ortsfeuerwehr Lech","isPartOf":{"@id":"https:\/\/feuerwehr-lech.at\/wp\/#website"},"datePublished":"2008-07-08T11:42:13+00:00","dateModified":"2013-10-16T11:43:10+00:00","breadcrumb":{"@id":"https:\/\/feuerwehr-lech.at\/wp\/08-07-2008-benzinspur-b198-lech-warth\/#breadcrumb"},"inLanguage":"de","potentialAction":[{"@type":"ReadAction","target":["https:\/\/feuerwehr-lech.at\/wp\/08-07-2008-benzinspur-b198-lech-warth\/"]}]},{"@type":"BreadcrumbList","@id":"https:\/\/feuerwehr-lech.at\/wp\/08-07-2008-benzinspur-b198-lech-warth\/#breadcrumb","itemListElement":[{"@type":"ListItem","position":1,"name":"Startseite","item":"https:\/\/feuerwehr-lech.at\/wp\/"},{"@type":"ListItem","position":2,"name":"08.07.2008 Benzinspur B198 Lech-Warth"}]},{"@type":"WebSite","@id":"https:\/\/feuerwehr-lech.at\/wp\/#website","url":"https:\/\/feuerwehr-lech.at\/wp\/","name":"Ortsfeuerwehr Lech","description":"","publisher":{"@id":"https:\/\/feuerwehr-lech.at\/wp\/#organization"},"potentialAction":[{"@type":"SearchAction","target":{"@type":"EntryPoint","urlTemplate":"https:\/\/feuerwehr-lech.at\/wp\/?s={search_term_string}"},"query-input":{"@type":"PropertyValueSpecification","valueRequired":true,"valueName":"search_term_string"}}],"inLanguage":"de"},{"@type":"Organization","@id":"https:\/\/feuerwehr-lech.at\/wp\/#organization","name":"Ortsfeuerwehr Lech","url":"https:\/\/feuerwehr-lech.at\/wp\/","logo":{"@type":"ImageObject","inLanguage":"de","@id":"https:\/\/feuerwehr-lech.at\/wp\/#\/schema\/logo\/image\/","url":"https:\/\/feuerwehr-lech.at\/wp\/wp-content\/uploads\/2024\/05\/lech-favicon-1.png","contentUrl":"https:\/\/feuerwehr-lech.at\/wp\/wp-content\/uploads\/2024\/05\/lech-favicon-1.png","width":192,"height":192,"caption":"Ortsfeuerwehr Lech"},"image":{"@id":"https:\/\/feuerwehr-lech.at\/wp\/#\/schema\/logo\/image\/"},"sameAs":["https:\/\/www.facebook.com\/feuerwehrlech"]},{"@type":"Person","@id":"https:\/\/feuerwehr-lech.at\/wp\/#\/schema\/person\/36f2f0ecd20ba97e6bf1be41fcaa9419","name":"martin.jochum"}]}},"_links":{"self":[{"href":"https:\/\/feuerwehr-lech.at\/wp\/wp-json\/wp\/v2\/posts\/687","targetHints":{"allow":["GET"]}}],"collection":[{"href":"https:\/\/feuerwehr-lech.at\/wp\/wp-json\/wp\/v2\/posts"}],"about":[{"href":"https:\/\/feuerwehr-lech.at\/wp\/wp-json\/wp\/v2\/types\/post"}],"author":[{"embeddable":true,"href":"https:\/\/feuerwehr-lech.at\/wp\/wp-json\/wp\/v2\/users\/3"}],"replies":[{"embeddable":true,"href":"https:\/\/feuerwehr-lech.at\/wp\/wp-json\/wp\/v2\/comments?post=687"}],"version-history":[{"count":3,"href":"https:\/\/feuerwehr-lech.at\/wp\/wp-json\/wp\/v2\/posts\/687\/revisions"}],"predecessor-version":[{"id":2196,"href":"https:\/\/feuerwehr-lech.at\/wp\/wp-json\/wp\/v2\/posts\/687\/revisions\/2196"}],"wp:attachment":[{"href":"https:\/\/feuerwehr-lech.at\/wp\/wp-json\/wp\/v2\/media?parent=687"}],"wp:term":[{"taxonomy":"category","embeddable":true,"href":"https:\/\/feuerwehr-lech.at\/wp\/wp-json\/wp\/v2\/categories?post=687"},{"taxonomy":"post_tag","embeddable":true,"href":"https:\/\/feuerwehr-lech.at\/wp\/wp-json\/wp\/v2\/tags?post=687"}],"curies":[{"name":"wp","href":"https:\/\/api.w.org\/{rel}","templated":true}]}}